{"id":438,"date":"2007-02-19T21:42:39","date_gmt":"2007-02-19T19:42:39","guid":{"rendered":"http:\/\/www.simdalom.com\/blog\/2007\/02\/19\/el-auge-de-la-comunicacion-corporativa\/"},"modified":"2007-02-19T21:42:39","modified_gmt":"2007-02-19T19:42:39","slug":"el-auge-de-la-comunicacion-corporativa","status":"publish","type":"post","link":"https:\/\/simdalom.com\/blog\/2007\/02\/19\/el-auge-de-la-comunicacion-corporativa\/","title":{"rendered":"El auge de la Comunicaci\u00f3n Corporativa"},"content":{"rendered":"<p><a href=\"http:\/\/comucor.blogspot.com\/\">Benito Castro<\/a> ha publicado por fin su libro <a href=\"http:\/\/augecomucor.com\">El auge de la Comunicaci\u00f3n Corporativa<\/a> de libre distribuci\u00f3n.<br \/>\nEl libro pretende hacer una visi\u00f3n profunda de la situaci\u00f3n de la comunicaci\u00f3n corporativa, reordenar una base te\u00f3rica sobre la disciplina y demostrar como la comunicaci\u00f3n institucional es un elemento estrat\u00e9gico de primer orden en la organizaci\u00f3n empresarial.<\/p>\n<p>Repasando el \u00edndice parece que hace un repaso muy completo a las artes de la comunicaci\u00f3n y que posee unos anexos tremendamente pr\u00e1cticos. No s\u00e9, me hace ilusi\u00f3n leermelo.<br \/>\nDejo, adem\u00e1s, el video de presentaci\u00f3n que incluye la web.<\/p>\n<p align=\"center\">[googlevideo]2370097592072670797[\/googlevideo]<\/p>\n","protected":false},"excerpt":{"rendered":"<p>Benito Castro ha publicado por fin su libro El auge de la Comunicaci\u00f3n Corporativa de libre distribuci\u00f3n. El libro pretende hacer una visi\u00f3n profunda de la situaci\u00f3n de la comunicaci\u00f3n corporativa, reordenar una base te\u00f3rica sobre la disciplina y demostrar como la comunicaci\u00f3n institucional es un elemento estrat\u00e9gico de primer orden en la organizaci\u00f3n empresarial. [&hellip;]<\/p>\n","protected":false},"author":1,"featured_media":0,"comment_status":"open","ping_status":"closed","sticky":false,"template":"","format":"standard","meta":{"footnotes":""},"categories":[3],"tags":[],"class_list":["post-438","post","type-post","status-publish","format-standard","hentry","category-comunicacion"],"_links":{"self":[{"href":"https:\/\/simdalom.com\/blog\/wp-json\/wp\/v2\/posts\/438","targetHints":{"allow":["GET"]}}],"collection":[{"href":"https:\/\/simdalom.com\/blog\/wp-json\/wp\/v2\/posts"}],"about":[{"href":"https:\/\/simdalom.com\/blog\/wp-json\/wp\/v2\/types\/post"}],"author":[{"embeddable":true,"href":"https:\/\/simdalom.com\/blog\/wp-json\/wp\/v2\/users\/1"}],"replies":[{"embeddable":true,"href":"https:\/\/simdalom.com\/blog\/wp-json\/wp\/v2\/comments?post=438"}],"version-history":[{"count":0,"href":"https:\/\/simdalom.com\/blog\/wp-json\/wp\/v2\/posts\/438\/revisions"}],"wp:attachment":[{"href":"https:\/\/simdalom.com\/blog\/wp-json\/wp\/v2\/media?parent=438"}],"wp:term":[{"taxonomy":"category","embeddable":true,"href":"https:\/\/simdalom.com\/blog\/wp-json\/wp\/v2\/categories?post=438"},{"taxonomy":"post_tag","embeddable":true,"href":"https:\/\/simdalom.com\/blog\/wp-json\/wp\/v2\/tags?post=438"}],"curies":[{"name":"wp","href":"https:\/\/api.w.org\/{rel}","templated":true}]}}